{"id":3289,"date":"2016-04-25T09:09:41","date_gmt":"2016-04-25T09:09:41","guid":{"rendered":"http:\/\/matronasdenavarra.com\/wp\/eventos\/visita-baluarte-2\/"},"modified":"2016-05-03T06:53:08","modified_gmt":"2016-05-03T06:53:08","slug":"lacta-21-primer-congreso-de-lactancia-materna","status":"publish","type":"post","link":"https:\/\/matronasdenavarra.com\/EU\/eventos\/lacta-21-primer-congreso-de-lactancia-materna\/","title":{"rendered":"LACTA 21. PRIMER CONGRESO INTERNACIONAL DE LACTANCIA MATERNA"},"content":{"rendered":"<p style=\"text-align: justify;\" data-fontsize=\"18\" data-lineheight=\"22\"><strong>Los pr\u00f3ximos\u00a0d\u00edas 23, 24 y 25 de junio se celebrar\u00e1 en el Palacio de Congresos Baluarte de Pamplona\u00a0Lacta21, Congreso de Lactancia Materna, es un proyecto que a\u00fana el buen hacer de MATUKIO, expertos en organizaci\u00f3n y gesti\u00f3n de eventos, para tratar un tema de vigente actualidad y alta repercusi\u00f3n social.<\/strong><\/p>\n<p>Parte de una inquietud por ahondar en la visibilizaci\u00f3n \u00a0de la LM como elemento clave en la salud p\u00fablica, as\u00ed como de la necesidad de establecer v\u00ednculos entre los diferentes actores de este maravilloso fen\u00f3meno: la d\u00edada madre-beb\u00e9, la familia extensa, los y las profesionales sanitarios, voluntariado de asociaciones, profesionales de otros \u00e1mbitos, agentes p\u00fablicos, etc.<\/p>\n<p>La lactancia materna es la manera normal de alimentar a nuestros hijos e hijas. Otorga numerosos beneficios a la salud de la madre y del beb\u00e9 y a la sociedad en su conjunto: es gratis, sostenible, limpia, ahorra dinero a las familias, empresas, al Estado, y resulta vital para la supervivencia de la especia humana. La leche de la madre se adapta a las necesidades nutricionales del beb\u00e9. Fortalece su sistema inmunol\u00f3gico. Lactar es una relaci\u00f3n vital esencial, parte de la propia naturaleza humana. El lactante y la madre resultan beneficiados de ese estrecho contacto, fortaleciendo su v\u00ednculo para siempre. Pero sobre todo, amamantar es un poderoso acto de amor.<\/p>\n<p>Por ello, en el Congreso Lacta21 abordaremos diferentes aspectos de la lactancia materna con el siguiente hilo conductor: la importancia de la cooperaci\u00f3n entre todos los agentes de la salud, las familias y los actores sociales.<\/p>\n<p>Si deseas saber m\u00e1s sobre inscripciones, programas, presentaciones y posters, etc pincha <a href=\"http:\/\/lacta21.com\" target=\"_blank\">aqu\u00ed.<\/a><\/p>\n","protected":false},"excerpt":{"rendered":"Los pr\u00f3ximos\u00a0d\u00edas 23, 24 y 25 de junio se celebrar\u00e1 en el Palacio de Congresos Baluarte de Pamplona\u00a0Lacta21, Congreso de Lactancia Materna, es un proyecto que a\u00fana el buen hacer de MATUKIO, expertos en organizaci\u00f3n y gesti\u00f3n de eventos, para tratar un tema de vigente actualidad y alta repercusi\u00f3n social. Parte de una inquietud por ahondar en la visibilizaci\u00f3n \u00a0de&nbsp;<a href=\"https:\/\/matronasdenavarra.com\/EU\/eventos\/lacta-21-primer-congreso-de-lactancia-materna\/\" class=\"read-more\">Continue Reading<\/a>","protected":false},"author":2,"featured_media":3333,"comment_status":"open","ping_status":"open","sticky":false,"template":"","format":"standard","meta":{"footnotes":""},"categories":[2],"tags":[],"class_list":["post-3289","post","type-post","status-publish","format-standard","has-post-thumbnail","hentry","category-eventos","cat-2-id"],"_links":{"self":[{"href":"https:\/\/matronasdenavarra.com\/EU\/wp-json\/wp\/v2\/posts\/3289","targetHints":{"allow":["GET"]}}],"collection":[{"href":"https:\/\/matronasdenavarra.com\/EU\/wp-json\/wp\/v2\/posts"}],"about":[{"href":"https:\/\/matronasdenavarra.com\/EU\/wp-json\/wp\/v2\/types\/post"}],"author":[{"embeddable":true,"href":"https:\/\/matronasdenavarra.com\/EU\/wp-json\/wp\/v2\/users\/2"}],"replies":[{"embeddable":true,"href":"https:\/\/matronasdenavarra.com\/EU\/wp-json\/wp\/v2\/comments?post=3289"}],"version-history":[{"count":4,"href":"https:\/\/matronasdenavarra.com\/EU\/wp-json\/wp\/v2\/posts\/3289\/revisions"}],"predecessor-version":[{"id":3416,"href":"https:\/\/matronasdenavarra.com\/EU\/wp-json\/wp\/v2\/posts\/3289\/revisions\/3416"}],"wp:featuredmedia":[{"embeddable":true,"href":"https:\/\/matronasdenavarra.com\/EU\/wp-json\/wp\/v2\/media\/3333"}],"wp:attachment":[{"href":"https:\/\/matronasdenavarra.com\/EU\/wp-json\/wp\/v2\/media?parent=3289"}],"wp:term":[{"taxonomy":"category","embeddable":true,"href":"https:\/\/matronasdenavarra.com\/EU\/wp-json\/wp\/v2\/categories?post=3289"},{"taxonomy":"post_tag","embeddable":true,"href":"https:\/\/matronasdenavarra.com\/EU\/wp-json\/wp\/v2\/tags?post=3289"}],"curies":[{"name":"wp","href":"https:\/\/api.w.org\/{rel}","templated":true}]}}