{"id":3285,"date":"2016-01-22T09:06:23","date_gmt":"2016-01-22T09:06:23","guid":{"rendered":"http:\/\/matronasdenavarra.com\/wp\/profesion\/2414-2\/"},"modified":"2016-05-03T06:51:23","modified_gmt":"2016-05-03T06:51:23","slug":"prescripcion-enfermera","status":"publish","type":"post","link":"https:\/\/matronasdenavarra.com\/EU\/profesion\/prescripcion-enfermera\/","title":{"rendered":"POSICIONAMIENTO DE FAME ANTE EL REAL DECRETO SOBRE LA PRESCRIPCI\u00d3N ENFERMERA"},"content":{"rendered":"<p style=\"text-align: justify;\">La Federaci\u00f3n de Asociaciones de Matronas de Espa\u00f1a (FAME) como sociedad cient\u00edfica y representante de las matronas a nivel de Espa\u00f1a, manifiesta su total desacuerdo con el texto del Real Decreto 954\/2015 del 23 de octubre del 2015 y su posterior publicaci\u00f3n en el BOE el pasado 23 de diciembre de 2015, por el cual se regula la indicaci\u00f3n, uso y autorizaci\u00f3n de dispensaci\u00f3n de medicamentos y productos sanitarios de uso humano por parte de los enfermeros.<\/p>\n<p style=\"text-align: justify;\">Si deseas leer la declaraci\u00f3n completa pincha <a title=\"posicionamiento FAME prescripci\u00f3n enfermer\u00eda\" href=\"http:\/\/matronasdenavarra.com\/wp\/wp-content\/uploads\/2016\/04\/posicionamientofame-textord-prescripcion-enfermera.pdf\" target=\"_blank\">aqu\u00ed.<\/a><\/p>\n","protected":false},"excerpt":{"rendered":"La Federaci\u00f3n de Asociaciones de Matronas de Espa\u00f1a (FAME) como sociedad cient\u00edfica y representante de las matronas a nivel de Espa\u00f1a, manifiesta su total desacuerdo con el texto del Real Decreto 954\/2015 del 23 de octubre del 2015 y su posterior publicaci\u00f3n en el BOE el pasado 23 de diciembre de 2015, por el cual se regula la indicaci\u00f3n, uso&nbsp;<a href=\"https:\/\/matronasdenavarra.com\/EU\/profesion\/prescripcion-enfermera\/\" class=\"read-more\">Continue Reading<\/a>","protected":false},"author":3,"featured_media":2873,"comment_status":"open","ping_status":"open","sticky":false,"template":"","format":"standard","meta":{"footnotes":""},"categories":[5],"tags":[],"class_list":["post-3285","post","type-post","status-publish","format-standard","has-post-thumbnail","hentry","category-profesion","cat-5-id"],"_links":{"self":[{"href":"https:\/\/matronasdenavarra.com\/EU\/wp-json\/wp\/v2\/posts\/3285","targetHints":{"allow":["GET"]}}],"collection":[{"href":"https:\/\/matronasdenavarra.com\/EU\/wp-json\/wp\/v2\/posts"}],"about":[{"href":"https:\/\/matronasdenavarra.com\/EU\/wp-json\/wp\/v2\/types\/post"}],"author":[{"embeddable":true,"href":"https:\/\/matronasdenavarra.com\/EU\/wp-json\/wp\/v2\/users\/3"}],"replies":[{"embeddable":true,"href":"https:\/\/matronasdenavarra.com\/EU\/wp-json\/wp\/v2\/comments?post=3285"}],"version-history":[{"count":8,"href":"https:\/\/matronasdenavarra.com\/EU\/wp-json\/wp\/v2\/posts\/3285\/revisions"}],"predecessor-version":[{"id":3412,"href":"https:\/\/matronasdenavarra.com\/EU\/wp-json\/wp\/v2\/posts\/3285\/revisions\/3412"}],"wp:featuredmedia":[{"embeddable":true,"href":"https:\/\/matronasdenavarra.com\/EU\/wp-json\/wp\/v2\/media\/2873"}],"wp:attachment":[{"href":"https:\/\/matronasdenavarra.com\/EU\/wp-json\/wp\/v2\/media?parent=3285"}],"wp:term":[{"taxonomy":"category","embeddable":true,"href":"https:\/\/matronasdenavarra.com\/EU\/wp-json\/wp\/v2\/categories?post=3285"},{"taxonomy":"post_tag","embeddable":true,"href":"https:\/\/matronasdenavarra.com\/EU\/wp-json\/wp\/v2\/tags?post=3285"}],"curies":[{"name":"wp","href":"https:\/\/api.w.org\/{rel}","templated":true}]}}