{"id":2444,"date":"2015-04-10T19:09:19","date_gmt":"2015-04-10T19:09:19","guid":{"rendered":"http:\/\/gestoresweb.piesnegros.com\/gestoresweb\/?p=2444"},"modified":"2016-05-03T06:50:04","modified_gmt":"2016-05-03T06:50:04","slug":"sentidos-y-sentimientos-la-vinculacion-y-como-trabajarla","status":"publish","type":"post","link":"https:\/\/matronasdenavarra.com\/EU\/otros\/sentidos-y-sentimientos-la-vinculacion-y-como-trabajarla\/","title":{"rendered":"SENTIDOS Y SENTIMIENTOS: LA VINCULACI\u00d3N Y C\u00d3MO TRABAJARLA"},"content":{"rendered":"<p style=\"text-align: justify;\">Actualmente se sabe con certeza que durante el segundo trimestre de la gestaci\u00f3n todos los \u00f3rganos sensoriales de un feto han empezado a funcionar, como lo demuestran los cambios en sus constantes fisiol\u00f3gicas o ciertas conductas motrices cuando detecta y discrimina est\u00edmulos variados (visuales, auditivos, t\u00e1ctiles, etc.). Este desarrollo nos permite implementar un gran campo de posibles interacciones basadas en sus capacidad de percibir.<\/p>\n<p style=\"text-align: justify;\">Vinculaci\u00f3n mediante el tacto: la bibliograf\u00eda existente nos se\u00f1ala que el feto comienza a percibir est\u00edmulos t\u00e1ctiles a partir de la s\u00e9ptima semana de gestaci\u00f3n. Las caricias sobre el abdomen, masajearlo suavemente o incluso dibujar sobre el abdomen la representaci\u00f3n de c\u00f3mo es en el momento en el cual estamos dibuj\u00e1ndole son maneras agradables de poder trabajar con este sentido.<\/p>\n<p style=\"text-align: justify;\">La haptonom\u00eda es la disciplina creada por Frans Veldman, un m\u00e9dico holand\u00e9s que trabaja la comunicaci\u00f3n afectiva a trav\u00e9s del tacto, sin ser exclusiva del periodo prenatal, y que puede ser aplicada en cualquier etapa vital. En el caso de los padres y los futuros hijos, este tacto permite tanto al padre como a la madre establecer una relaci\u00f3n con el feto a trav\u00e9s del abdomen de la madre.<\/p>\n<p style=\"text-align: justify;\"><a class=\"masinfo\" href=\"http:\/\/matronasytu.com\/2015\/04\/10\/sentidos-y-sentimientos-la-vinculacion-y-como-trabajarla\/\/\">+ LEER M\u00c1S<\/a><\/p>\n","protected":false},"excerpt":{"rendered":"Actualmente se sabe con certeza que durante el segundo trimestre de la gestaci\u00f3n todos los \u00f3rganos sensoriales de un feto han empezado a funcionar, como lo demuestran los cambios en sus constantes fisiol\u00f3gicas o ciertas conductas motrices cuando detecta y discrimina est\u00edmulos variados (visuales, auditivos, t\u00e1ctiles, etc.). Este desarrollo nos permite implementar un gran campo de posibles interacciones basadas en&nbsp;<a href=\"https:\/\/matronasdenavarra.com\/EU\/otros\/sentidos-y-sentimientos-la-vinculacion-y-como-trabajarla\/\" class=\"read-more\">Continue Reading<\/a>","protected":false},"author":3,"featured_media":2877,"comment_status":"open","ping_status":"open","sticky":false,"template":"","format":"standard","meta":{"footnotes":""},"categories":[1],"tags":[],"class_list":["post-2444","post","type-post","status-publish","format-standard","has-post-thumbnail","hentry","category-otros","cat-1-id"],"_links":{"self":[{"href":"https:\/\/matronasdenavarra.com\/EU\/wp-json\/wp\/v2\/posts\/2444","targetHints":{"allow":["GET"]}}],"collection":[{"href":"https:\/\/matronasdenavarra.com\/EU\/wp-json\/wp\/v2\/posts"}],"about":[{"href":"https:\/\/matronasdenavarra.com\/EU\/wp-json\/wp\/v2\/types\/post"}],"author":[{"embeddable":true,"href":"https:\/\/matronasdenavarra.com\/EU\/wp-json\/wp\/v2\/users\/3"}],"replies":[{"embeddable":true,"href":"https:\/\/matronasdenavarra.com\/EU\/wp-json\/wp\/v2\/comments?post=2444"}],"version-history":[{"count":8,"href":"https:\/\/matronasdenavarra.com\/EU\/wp-json\/wp\/v2\/posts\/2444\/revisions"}],"predecessor-version":[{"id":3409,"href":"https:\/\/matronasdenavarra.com\/EU\/wp-json\/wp\/v2\/posts\/2444\/revisions\/3409"}],"wp:featuredmedia":[{"embeddable":true,"href":"https:\/\/matronasdenavarra.com\/EU\/wp-json\/wp\/v2\/media\/2877"}],"wp:attachment":[{"href":"https:\/\/matronasdenavarra.com\/EU\/wp-json\/wp\/v2\/media?parent=2444"}],"wp:term":[{"taxonomy":"category","embeddable":true,"href":"https:\/\/matronasdenavarra.com\/EU\/wp-json\/wp\/v2\/categories?post=2444"},{"taxonomy":"post_tag","embeddable":true,"href":"https:\/\/matronasdenavarra.com\/EU\/wp-json\/wp\/v2\/tags?post=2444"}],"curies":[{"name":"wp","href":"https:\/\/api.w.org\/{rel}","templated":true}]}}