{"id":2248,"date":"2016-03-01T15:32:05","date_gmt":"2016-03-01T15:32:05","guid":{"rendered":"http:\/\/gestoresweb.piesnegros.com\/gestoresweb\/?p=2248"},"modified":"2016-05-03T06:51:53","modified_gmt":"2016-05-03T06:51:53","slug":"visita-baluarte","status":"publish","type":"post","link":"https:\/\/matronasdenavarra.com\/EU\/eventos\/visita-baluarte\/","title":{"rendered":"XV CONGRESO DE LA FAME Y 2\u00ba ICM SOUTHERN EUROPEAN REGION CONFERENCE"},"content":{"rendered":"<p style=\"text-align: justify;\" data-fontsize=\"18\" data-lineheight=\"22\">Los pr\u00f3ximos\u00a0d\u00edas 26, 27 y 28 de mayo se celebrar\u00e1 en Tarragona el IV Congreso de la Asociaci\u00f3n Catalana de Matronas (ACL), el\u00a0XV Congreso de la Federaci\u00f3n de Asociaciones de Matronas de Espa\u00f1a (FAME) y el 2nd. ICM Southern European Region Conference- \u00a0International Confederation of Midwives: Southern European Region (ICM)<\/p>\n<p style=\"text-align: justify;\">Con el lema \u201c<strong>Escuchar a las mujeres, pensar como matronas<\/strong>\u201d se pretende reflexionar sobre los temas que contribuyen a identificar las necesidades y preocupaciones de las mujeres a trav\u00e9s del dialogo con ellas. Queremos abordar los diferentes aspectos que nos definen como matronas y que contribuyen a hacernos mejores profesionales para tratar la salud maternoinfantil y la atenci\u00f3n sexual y reproductiva de las mujeres y sus parejas.<\/p>\n<p style=\"text-align: justify;\">Al mismo tiempo, este Congreso quiere ser un espacio para compartir experiencias entre las matronas del Sur de Europa y actualizar los conocimientos seg\u00fan la evidencia cient\u00edfica disponible hasta el momento.<\/p>\n<p style=\"text-align: justify;\">En este encuentro se podr\u00e1n debatir distintas visiones de la labor asistencial que realizan las matronas, tanto en el entorno de la atenci\u00f3n primaria y comunitaria como en la atenci\u00f3n hospitalaria, en los distintos pa\u00edses y se debatir\u00e1 sobre las estrategias participativas con la ciudadan\u00eda.<\/p>\n<p style=\"text-align: justify;\">Tambi\u00e9n se reflexionar\u00e1 acerca del papel de la matrona en el empoderamiento de las mujeres y se mostraran las estrategias para invitar a las mujeres a los diversos programas de prevenci\u00f3n primaria de salud sexual y reproductiva. En relaci\u00f3n con la atenci\u00f3n al parto se expondr\u00e1n experiencias para potenciar el rol aut\u00f3nomo de la matrona y las alianzas estrat\u00e9gicas con las partes interesadas que se deben tener en cuenta.<\/p>\n<p style=\"text-align: justify;\">Hoy en d\u00eda, a pesar de que hay una gran cantidad de informaci\u00f3n en Internet, la poblaci\u00f3n sigue buscando el asesoramiento de las matronas en todos los temas concernientes a su salud y a la de sus beb\u00e9s; por este motivo formar\u00e1 parte del debate la utilizaci\u00f3n de las nuevas tecnolog\u00edas, las TIC, que permiten interactuar a las matronas con las mujeres.<\/p>\n<p style=\"text-align: justify;\">En esta Conferencia las matronas podr\u00e1n conocer la cartera de servicios y los proyectos de innovaci\u00f3n que se realizan en los diversos territorios y pa\u00edses, que permitir\u00e1 replicar estas experiencias. La innovaci\u00f3n y la creatividad son elementos fundamentales para poder avanzar en la atenci\u00f3n y forman parte de la construcci\u00f3n continua de nuestra profesi\u00f3n.<\/p>\n<p style=\"text-align: justify;\">Una parte muy importante del Congreso ser\u00e1 la evaluaci\u00f3n de la calidad de los cuidados y servicios que prestan las matronas y que repercuten en la poblaci\u00f3n de mujeres, j\u00f3venes y sus familias.<\/p>\n<p style=\"text-align: justify;\">Apreciadas matronas os esperamos a todas\/os en Catalu\u00f1a (Espa\u00f1a), para aprender y disfrutar estos d\u00edas en un entorno inmejorable: la ciudad de Tarragona.<\/p>\n<p style=\"text-align: justify;\">Si deseas m\u00e1s informaci\u00f3n sobre el Congreso, inscripciones, programa, etc pincha <a href=\"https:\/\/matronas2016.org\" target=\"_blank\">aqu\u00ed<\/a><\/p>\n","protected":false},"excerpt":{"rendered":"Los pr\u00f3ximos\u00a0d\u00edas 26, 27 y 28 de mayo se celebrar\u00e1 en Tarragona el IV Congreso de la Asociaci\u00f3n Catalana de Matronas (ACL), el\u00a0XV Congreso de la Federaci\u00f3n de Asociaciones de Matronas de Espa\u00f1a (FAME) y el 2nd. ICM Southern European Region Conference- \u00a0International Confederation of Midwives: Southern European Region (ICM) Con el lema \u201cEscuchar a las mujeres, pensar como matronas\u201d&nbsp;<a href=\"https:\/\/matronasdenavarra.com\/EU\/eventos\/visita-baluarte\/\" class=\"read-more\">Continue Reading<\/a>","protected":false},"author":2,"featured_media":3320,"comment_status":"open","ping_status":"open","sticky":false,"template":"","format":"standard","meta":{"footnotes":""},"categories":[2],"tags":[],"class_list":["post-2248","post","type-post","status-publish","format-standard","has-post-thumbnail","hentry","category-eventos","cat-2-id"],"_links":{"self":[{"href":"https:\/\/matronasdenavarra.com\/EU\/wp-json\/wp\/v2\/posts\/2248","targetHints":{"allow":["GET"]}}],"collection":[{"href":"https:\/\/matronasdenavarra.com\/EU\/wp-json\/wp\/v2\/posts"}],"about":[{"href":"https:\/\/matronasdenavarra.com\/EU\/wp-json\/wp\/v2\/types\/post"}],"author":[{"embeddable":true,"href":"https:\/\/matronasdenavarra.com\/EU\/wp-json\/wp\/v2\/users\/2"}],"replies":[{"embeddable":true,"href":"https:\/\/matronasdenavarra.com\/EU\/wp-json\/wp\/v2\/comments?post=2248"}],"version-history":[{"count":22,"href":"https:\/\/matronasdenavarra.com\/EU\/wp-json\/wp\/v2\/posts\/2248\/revisions"}],"predecessor-version":[{"id":3413,"href":"https:\/\/matronasdenavarra.com\/EU\/wp-json\/wp\/v2\/posts\/2248\/revisions\/3413"}],"wp:featuredmedia":[{"embeddable":true,"href":"https:\/\/matronasdenavarra.com\/EU\/wp-json\/wp\/v2\/media\/3320"}],"wp:attachment":[{"href":"https:\/\/matronasdenavarra.com\/EU\/wp-json\/wp\/v2\/media?parent=2248"}],"wp:term":[{"taxonomy":"category","embeddable":true,"href":"https:\/\/matronasdenavarra.com\/EU\/wp-json\/wp\/v2\/categories?post=2248"},{"taxonomy":"post_tag","embeddable":true,"href":"https:\/\/matronasdenavarra.com\/EU\/wp-json\/wp\/v2\/tags?post=2248"}],"curies":[{"name":"wp","href":"https:\/\/api.w.org\/{rel}","templated":true}]}}