{"id":3159,"date":"2016-02-01T08:46:06","date_gmt":"2016-02-01T08:46:06","guid":{"rendered":"http:\/\/matronasdenavarra.com\/wp\/eventos\/visita-baluarte-2\/"},"modified":"2016-05-03T06:50:52","modified_gmt":"2016-05-03T06:50:52","slug":"curso-2","status":"publish","type":"post","link":"http:\/\/matronasdenavarra.com\/EU\/cursos\/curso-2\/","title":{"rendered":"CICLO DE ANATOM\u00cdA Y PREPARACI\u00d3N AL PARTO. Pamplona. Febrero y Abril"},"content":{"rendered":"<p style=\"text-align: justify;\"><strong>Se ha organizado desde ANAMA el curso denominado \u201cCICLO DE ANATOM\u00cdA Y PREPARACI\u00d3N AL PARTO\u201d impartido por <a href=\"http:\/\/www.nuriavivesanatomia.com\/index.php\" target=\"_blank\">NURIA VIVES<\/a><\/strong><\/p>\n<p style=\"text-align: justify;\">Durante 2016 se van a a realizar <span style=\"text-decoration: underline;\">2 m\u00f3dulos<\/span>:<\/p>\n<h3 style=\"text-align: justify;\">M\u00f3dulo 1<\/h3>\n<p style=\"text-align: justify;\"><strong>\"La movilidad de la pelvis y el parto\" . 19 y 20 de Febrero de 2016. 15 horas de duraci\u00f3n<\/strong><\/p>\n<p style=\"text-align: justify;\"><strong>- PROGRAMA<\/strong><\/p>\n<p style=\"text-align: justify;\">En su paso por la excavaci\u00f3n p\u00e9lvica, la cabeza del beb\u00e9 tiene que ir adapt\u00e1ndose\u00a0 a los huesos intr\u00ednsecos de la pelvis. La pelvis materna, ya formada, es mucho m\u00e1s r\u00edgida. Sin embargo, dispone de cierta capacidad de movimiento entre los huesos que la componen. Durante el parto, la presencia de hormonas hace que la pelvis materna pueda tambi\u00e9n adaptar su forma a la cabeza del beb\u00e9.<\/p>\n<p style=\"text-align: justify;\"><strong>-\u00a0OBJETIVOS GENERALES<\/strong><\/p>\n<p style=\"text-align: justify;\">A partir de modelajes p\u00e9lvicos femeninos y la experimentaci\u00f3n sobre el propio cuerpo, estudiaremos la anatom\u00eda de la pelvis, su movilidad intr\u00ednseca y c\u00f3mo, a partir de determinados movimientos y posiciones, podemos influir en el desarrollo del pasaje del beb\u00e9 por la excavaci\u00f3n.<\/p>\n<p style=\"text-align: justify;\"><strong>- OBJETIVOS ESPEC\u00cdFICOS<\/strong><\/p>\n<p style=\"text-align: justify;\">\u2022\u00a0Situar y nombrar las diferentes partes de la pelvis sobre uno\/a mismo\/a.<\/p>\n<p style=\"text-align: justify;\">\u2022\u00a0Visualizar y representarse anat\u00f3micamente la excavaci\u00f3n p\u00e9lvica.<\/p>\n<p style=\"text-align: justify;\">\u2022\u00a0Comprobar c\u00f3mo podemos influir en las articulaciones intr\u00ednsecas (sacro-il\u00edacas y s\u00ednfisis p\u00fabica) a partir de macro-movimientos en la articulaci\u00f3n extr\u00ednseca (la cadera), en los tres planos anat\u00f3micos.<\/p>\n<p style=\"text-align: justify;\">\u2022\u00a0Observar c\u00f3mo dichos movimientos van a modificar los di\u00e1metros de la excavaci\u00f3n p\u00e9lvica.<\/p>\n<p style=\"text-align: justify;\">\u2022\u00a0Estudiar c\u00f3mo y por qu\u00e9 se ampl\u00edan dichos di\u00e1metros.<\/p>\n<p style=\"text-align: justify;\">\u2022\u00a0Ver c\u00f3mo un peque\u00f1o detalle en la posici\u00f3n podr\u00e1 modificar sustancialmente la amplitud o disminuci\u00f3n de los espacios internos de la pelvis.<\/p>\n<h3 style=\"text-align: justify;\">M\u00f3dulo 2<\/h3>\n<p style=\"text-align: justify;\"><strong>\"An\u00e1lisis de posiciones para el parto\".\u00a029 y 30 de Abril de 2016. 15 horas de duraci\u00f3n\u00a0<\/strong><\/p>\n<p style=\"text-align: justify;\">Es ya una realidad en muchos hospitales de Espa\u00f1a que la mujer, sea en preparto o durante todo su parto, pueda moverse y ponerse en la posici\u00f3n que ella desea. El curso utiliza su particular metodolog\u00eda y pedagog\u00eda en el an\u00e1lisis de las posiciones.<\/p>\n<p style=\"text-align: justify;\">Posiciones que, o bien toma la mujer espont\u00e1neamente, o le son propuestas el d\u00eda de su parto para aliviar el dolor de las contracciones, dejar que el parto evolucione favorablemente y le permita permanecer en contacto con su hijo.<\/p>\n<p style=\"text-align: justify;\">El curso es el resultado de la aplicaci\u00f3n directa con parejas, del intercambio de conocimientos con la experiencia de las propias matronas que han seguido los cursos, y es la experimentaci\u00f3n\u00a0 del contenido del libro \u201cParir en Movimiento\u201d de B. Calais-Germain y N\u00faria Vives Par\u00e9s.<\/p>\n<p style=\"text-align: justify;\"><strong>- OBJETIVOS GENERALES<\/strong><\/p>\n<p style=\"text-align: justify;\">En relaci\u00f3n a las posiciones, el curso propone:<\/p>\n<p style=\"text-align: justify;\">\u2022\u00a0Vivenciarlas para\u00a0 poder comprender mejor desde la propia experiencia lo que m\u00e1s tarde se propondr\u00e1 a la mujer.<\/p>\n<p style=\"text-align: justify;\">\u2022\u00a0Experimentarlas con los materiales y tambi\u00e9n por parejas para comprender el rol del acompa\u00f1ante.<\/p>\n<p style=\"text-align: justify;\">\u2022\u00a0Ordenarlas seg\u00fan como est\u00e9 la pelvis (m\u00f3dulo 1: la movilidad de la pelvis y el parto).<\/p>\n<p style=\"text-align: justify;\">\u2022\u00a0Analizarlas y diferenciarlas seg\u00fan los par\u00e1metros dados en: Posiciones para la dilataci\u00f3n, posiciones para el expulsivo o posiciones para dilataci\u00f3n y expulsivo.<\/p>\n<p style=\"text-align: justify;\">\u2022\u00a0Aprender a transmitirlas en sesiones de preparaci\u00f3n al parto o directamente en el hospital.<\/p>\n<p style=\"text-align: justify;\">\u2022\u00a0Adaptarlas en caso de epidural.<\/p>\n","protected":false},"excerpt":{"rendered":"Se ha organizado desde ANAMA el curso denominado \u201cCICLO DE ANATOM\u00cdA Y PREPARACI\u00d3N AL PARTO\u201d impartido por NURIA VIVES Durante 2016 se van a a realizar 2 m\u00f3dulos: M\u00f3dulo 1 \"La movilidad de la pelvis y el parto\" . 19 y 20 de Febrero de 2016. 15 horas de duraci\u00f3n - PROGRAMA En su paso por la excavaci\u00f3n p\u00e9lvica, la&nbsp;<a href=\"http:\/\/matronasdenavarra.com\/EU\/cursos\/curso-2\/\" class=\"read-more\">Continue Reading<\/a>","protected":false},"author":2,"featured_media":3304,"comment_status":"open","ping_status":"closed","sticky":false,"template":"","format":"standard","meta":{"footnotes":""},"categories":[40],"tags":[],"class_list":["post-3159","post","type-post","status-publish","format-standard","has-post-thumbnail","hentry","category-cursos","cat-40-id"],"_links":{"self":[{"href":"http:\/\/matronasdenavarra.com\/EU\/wp-json\/wp\/v2\/posts\/3159","targetHints":{"allow":["GET"]}}],"collection":[{"href":"http:\/\/matronasdenavarra.com\/EU\/wp-json\/wp\/v2\/posts"}],"about":[{"href":"http:\/\/matronasdenavarra.com\/EU\/wp-json\/wp\/v2\/types\/post"}],"author":[{"embeddable":true,"href":"http:\/\/matronasdenavarra.com\/EU\/wp-json\/wp\/v2\/users\/2"}],"replies":[{"embeddable":true,"href":"http:\/\/matronasdenavarra.com\/EU\/wp-json\/wp\/v2\/comments?post=3159"}],"version-history":[{"count":8,"href":"http:\/\/matronasdenavarra.com\/EU\/wp-json\/wp\/v2\/posts\/3159\/revisions"}],"predecessor-version":[{"id":3411,"href":"http:\/\/matronasdenavarra.com\/EU\/wp-json\/wp\/v2\/posts\/3159\/revisions\/3411"}],"wp:featuredmedia":[{"embeddable":true,"href":"http:\/\/matronasdenavarra.com\/EU\/wp-json\/wp\/v2\/media\/3304"}],"wp:attachment":[{"href":"http:\/\/matronasdenavarra.com\/EU\/wp-json\/wp\/v2\/media?parent=3159"}],"wp:term":[{"taxonomy":"category","embeddable":true,"href":"http:\/\/matronasdenavarra.com\/EU\/wp-json\/wp\/v2\/categories?post=3159"},{"taxonomy":"post_tag","embeddable":true,"href":"http:\/\/matronasdenavarra.com\/EU\/wp-json\/wp\/v2\/tags?post=3159"}],"curies":[{"name":"wp","href":"https:\/\/api.w.org\/{rel}","templated":true}]}}